{"id":1436,"date":"2020-02-03T17:03:15","date_gmt":"2020-02-03T17:03:15","guid":{"rendered":"https:\/\/www.globalfilter.com\/news\/die-filtration-group-ernennt-tim-mccarty-zum-president-und-chief-executive-officer\/"},"modified":"2021-11-29T15:43:57","modified_gmt":"2021-11-29T15:43:57","slug":"die-filtration-group-ernennt-tim-mccarty-zum-president-und-chief-executive-officer","status":"publish","type":"news","link":"https:\/\/www.globalfilter.com\/de\/news\/die-filtration-group-ernennt-tim-mccarty-zum-president-und-chief-executive-officer\/","title":{"rendered":"Die Filtration Group ernennt Tim McCarty zum President und Chief Executive Officer"},"content":{"rendered":"\n<p><strong>Chicago, Illinois\/USA \u2013 7. Januar 2019<\/strong>&nbsp;\u2013 Die Filtration Group gab heute bekannt, dass Tim McCarty ab Januar 2019 die Rolle des Pr\u00e4sidenten und Chief Executive Officers \u00fcbernehmen wird. McCarty kam 2012 als CFO zur Filtration Group und war ma\u00dfgeblich daran beteiligt, dass das Unternehmen einen Umsatz von mehr als 1,5 Milliarden US-Dollar erzielte. Die Filtration Group hat es sich zur Aufgabe gemacht, die Welt sicherer, ges\u00fcnder und produktiver zu machen.<\/p>\n\n\n\n<p>George Nolen, seit 2016 CEO der Filtration Group, sagte: \u201eTim McCarthy kann auf eine lange Erfolgsgeschichte in F\u00fchrungspositionen zur\u00fcckblicken. Er umgibt sich mit gro\u00dfartigen Menschen, konzentriert sich weiterhin darauf, unseren Kunden zu dienen und kennt den Wert unserer einzigartigen Unternehmenskultur. Er ist die perfekte Wahl, um das Unternehmen zu f\u00fchren und unsere Vision umzusetzen.\u201c Nolen bleibt der Filtration Group in der Rolle des Vorsitzenden treu.<\/p>\n\n\n\n<p>\u201eIch kann mir keine aufregendere Zeit als CEO der Filtration Group vorstellen\u201c, sagte McCarty. \u201eWir sind ein Team von Unternehmern, die sich von der einzigartigen Gelegenheit inspirieren lassen, etwas Bemerkenswertes aufzubauen und die Welt zu einem besseren Ort zu machen. Es ist ein Privileg, dies zusammen mit meinen \u00fcber 7.000 Kollegen auf der ganzen Welt zu tun.\u201c<\/p>\n\n\n\n<p>McCarty wurde Anfang 2017 Pr\u00e4sident der Division Indoor Air Quality (IAQ) der Filtration Group. Als Pr\u00e4sident von IAQ entwickelte und implementierte er eine kundenorientierte Strategie, straffte die Betriebsabl\u00e4ufe und baute eine auf einer Mission basierende Unternehmenskultur auf, die zu erheblichen Umsatzsteigerungen im Gesch\u00e4ftsbereich f\u00fchrte. Rob Carpio, Pr\u00e4sident des Purafil-Gesch\u00e4ftsbereichs der Filtration Group, wird Pr\u00e4sident der IAQ-Abteilung, die zuvor von McCarty geleitet wurde.<\/p>\n\n\n\n<p>Bevor McCarty 2012 zur Filtration Group kam, war er 23 Jahre lang bei Deloitte &amp; Touche LLP t\u00e4tig, davon 15 Jahre als Partner. Zuletzt war er Managing Partner der US-Zentralregion, wo er die Verantwortung f\u00fcr ein Team von fast 2.000 Fachleuten in 20 verschiedenen St\u00e4dten hatte. McCarty ist Absolvent der University of Illinois.&nbsp;<\/p>\n\n\n\n<p><strong>\u00dcber Filtration Group<\/strong><\/p>\n\n\n\n<p>Mit ihren innovativen L\u00f6sungen und deren herausragendem Wert f\u00fcr unsere Kunden tr\u00e4gt die Filtration Group dazu bei, dass diese Welt sicherer, ges\u00fcnder und produktiver wird.&nbsp; Mit einem leidenschaftlichen Team, globaler Pr\u00e4senz und f\u00fchrender Technologie treibt die Filtration Group Innovationen voran und entwickelt beispiellose Filtrationsl\u00f6sungen.&nbsp; Filtration Group bedient mit seinen Angeboten die unterschiedlichsten Kundengruppen. Die Produkte reichen von Anwendungen f\u00fcr Life Sciences und industrielle Technologien, \u00fcber Anwendungen f\u00fcr die Qualit\u00e4t von Fl\u00fcssigkeiten und Luft in Innenr\u00e4umen.&nbsp; Filtration Group geh\u00f6rt zu den am schnellsten wachsenden Unternehmen der Branche und dient seinen Kunden mit mehr als 114 Werken in 30 L\u00e4ndern.&nbsp; Besuchen Sie die Filtration Group und Madison Industries unter:&nbsp;<a href=\"https:\/\/www.filtrationgroup.com\/en-US\/\">www.filtrationgroup.com<\/a>&nbsp;und&nbsp;<a href=\"http:\/\/www.madison.net\/\">www.madison.net<\/a>.<\/p>\n\n\n\n<p>F\u00fcr R\u00fcckfragen:<\/p>\n\n\n\n<p><a href=\"mailto:media@filtrationgroup.com\">media@filtrationgroup.com<\/a><\/p>\n","protected":false},"excerpt":{"rendered":"<p>Chicago, Illinois\/USA \u2013 7. Januar 2019&nbsp;\u2013 Die Filtration Group gab heute bekannt, dass Tim McCarty ab Januar 2019 die Rolle des Pr\u00e4sidenten und Chief Executive Officers \u00fcbernehmen wird. McCarty kam 2012 als CFO zur Filtration Group und war ma\u00dfgeblich daran beteiligt, dass das Unternehmen einen Umsatz von mehr als 1,5 Milliarden US-Dollar erzielte. Die Filtration [&hellip;]<\/p>\n","protected":false},"author":4,"featured_media":823,"menu_order":0,"template":"","categories":[65],"tags":[],"class_list":["post-1436","news","type-news","status-publish","has-post-thumbnail","hentry","category-pressemitteilung"],"acf":[],"yoast_head":"<!-- This site is optimized with the Yoast SEO plugin v27.3 - https:\/\/yoast.com\/product\/yoast-seo-wordpress\/ -->\n<title>Die Filtration Group ernennt Tim McCarty zum President und Chief Executive Officer - Global Filter<\/title>\n<meta name=\"description\" content=\"Die Filtration Group gab heute bekannt, dass Tim McCarty ab Januar 2019 die Rolle des Pr\u00e4sidenten und Chief Executive Officers \u00fcbernehmen wird. McCarty kam 2012 als CFO zur Filtration Group und war ma\u00dfgeblich daran beteiligt, dass das Unternehmen einen Umsatz von mehr als 1,5 Milliarden US-Dollar erzielte.\" \/>\n<meta name=\"robots\" content=\"index, follow, max-snippet:-1, max-image-preview:large, max-video-preview:-1\" \/>\n<link rel=\"canonical\" href=\"https:\/\/www.globalfilter.com\/de\/news\/die-filtration-group-ernennt-tim-mccarty-zum-president-und-chief-executive-officer\/\" \/>\n<meta property=\"og:locale\" content=\"de_DE\" \/>\n<meta property=\"og:type\" content=\"article\" \/>\n<meta property=\"og:title\" content=\"Die Filtration Group ernennt Tim McCarty zum President und Chief Executive Officer - Global Filter\" \/>\n<meta property=\"og:description\" content=\"Die Filtration Group gab heute bekannt, dass Tim McCarty ab Januar 2019 die Rolle des Pr\u00e4sidenten und Chief Executive Officers \u00fcbernehmen wird. McCarty kam 2012 als CFO zur Filtration Group und war ma\u00dfgeblich daran beteiligt, dass das Unternehmen einen Umsatz von mehr als 1,5 Milliarden US-Dollar erzielte.\" \/>\n<meta property=\"og:url\" content=\"https:\/\/www.globalfilter.com\/de\/news\/die-filtration-group-ernennt-tim-mccarty-zum-president-und-chief-executive-officer\/\" \/>\n<meta property=\"og:site_name\" content=\"Global Filter\" \/>\n<meta property=\"article:modified_time\" content=\"2021-11-29T15:43:57+00:00\" \/>\n<meta property=\"og:image\" content=\"https:\/\/www.globalfilter.com\/wp-content\/uploads\/2019\/01\/FGC_mark-4x3.png\" \/>\n\t<meta property=\"og:image:width\" content=\"682\" \/>\n\t<meta property=\"og:image:height\" content=\"512\" \/>\n\t<meta property=\"og:image:type\" content=\"image\/png\" \/>\n<meta name=\"twitter:card\" content=\"summary_large_image\" \/>\n<meta name=\"twitter:label1\" content=\"Gesch\u00e4tzte Lesezeit\" \/>\n\t<meta name=\"twitter:data1\" content=\"2 Minuten\" \/>\n<script type=\"application\/ld+json\" class=\"yoast-schema-graph\">{\"@context\":\"https:\\\/\\\/schema.org\",\"@graph\":[{\"@type\":\"WebPage\",\"@id\":\"https:\\\/\\\/www.globalfilter.com\\\/de\\\/news\\\/die-filtration-group-ernennt-tim-mccarty-zum-president-und-chief-executive-officer\\\/\",\"url\":\"https:\\\/\\\/www.globalfilter.com\\\/de\\\/news\\\/die-filtration-group-ernennt-tim-mccarty-zum-president-und-chief-executive-officer\\\/\",\"name\":\"Die Filtration Group ernennt Tim McCarty zum President und Chief Executive Officer - Global Filter\",\"isPartOf\":{\"@id\":\"https:\\\/\\\/www.globalfilter.com\\\/de\\\/#website\"},\"primaryImageOfPage\":{\"@id\":\"https:\\\/\\\/www.globalfilter.com\\\/de\\\/news\\\/die-filtration-group-ernennt-tim-mccarty-zum-president-und-chief-executive-officer\\\/#primaryimage\"},\"image\":{\"@id\":\"https:\\\/\\\/www.globalfilter.com\\\/de\\\/news\\\/die-filtration-group-ernennt-tim-mccarty-zum-president-und-chief-executive-officer\\\/#primaryimage\"},\"thumbnailUrl\":\"https:\\\/\\\/www.globalfilter.com\\\/wp-content\\\/uploads\\\/2019\\\/01\\\/FGC_mark-4x3.png\",\"datePublished\":\"2020-02-03T17:03:15+00:00\",\"dateModified\":\"2021-11-29T15:43:57+00:00\",\"description\":\"Die Filtration Group gab heute bekannt, dass Tim McCarty ab Januar 2019 die Rolle des Pr\u00e4sidenten und Chief Executive Officers \u00fcbernehmen wird. McCarty kam 2012 als CFO zur Filtration Group und war ma\u00dfgeblich daran beteiligt, dass das Unternehmen einen Umsatz von mehr als 1,5 Milliarden US-Dollar erzielte.\",\"breadcrumb\":{\"@id\":\"https:\\\/\\\/www.globalfilter.com\\\/de\\\/news\\\/die-filtration-group-ernennt-tim-mccarty-zum-president-und-chief-executive-officer\\\/#breadcrumb\"},\"inLanguage\":\"de-DE\",\"potentialAction\":[{\"@type\":\"ReadAction\",\"target\":[\"https:\\\/\\\/www.globalfilter.com\\\/de\\\/news\\\/die-filtration-group-ernennt-tim-mccarty-zum-president-und-chief-executive-officer\\\/\"]}]},{\"@type\":\"ImageObject\",\"inLanguage\":\"de-DE\",\"@id\":\"https:\\\/\\\/www.globalfilter.com\\\/de\\\/news\\\/die-filtration-group-ernennt-tim-mccarty-zum-president-und-chief-executive-officer\\\/#primaryimage\",\"url\":\"https:\\\/\\\/www.globalfilter.com\\\/wp-content\\\/uploads\\\/2019\\\/01\\\/FGC_mark-4x3.png\",\"contentUrl\":\"https:\\\/\\\/www.globalfilter.com\\\/wp-content\\\/uploads\\\/2019\\\/01\\\/FGC_mark-4x3.png\",\"width\":682,\"height\":512},{\"@type\":\"BreadcrumbList\",\"@id\":\"https:\\\/\\\/www.globalfilter.com\\\/de\\\/news\\\/die-filtration-group-ernennt-tim-mccarty-zum-president-und-chief-executive-officer\\\/#breadcrumb\",\"itemListElement\":[{\"@type\":\"ListItem\",\"position\":1,\"name\":\"home\",\"item\":\"https:\\\/\\\/www.globalfilter.com\\\/de\\\/\"},{\"@type\":\"ListItem\",\"position\":2,\"name\":\"News\",\"item\":\"https:\\\/\\\/www.globalfilter.com\\\/de\\\/news\\\/\"},{\"@type\":\"ListItem\",\"position\":3,\"name\":\"Die Filtration Group ernennt Tim McCarty zum President und Chief Executive Officer\"}]},{\"@type\":\"WebSite\",\"@id\":\"https:\\\/\\\/www.globalfilter.com\\\/de\\\/#website\",\"url\":\"https:\\\/\\\/www.globalfilter.com\\\/de\\\/\",\"name\":\"Global Filter\",\"description\":\"Making the World Safer, Healthier and More Productive\",\"publisher\":{\"@id\":\"https:\\\/\\\/www.globalfilter.com\\\/de\\\/#organization\"},\"potentialAction\":[{\"@type\":\"SearchAction\",\"target\":{\"@type\":\"EntryPoint\",\"urlTemplate\":\"https:\\\/\\\/www.globalfilter.com\\\/de\\\/?s={search_term_string}\"},\"query-input\":{\"@type\":\"PropertyValueSpecification\",\"valueRequired\":true,\"valueName\":\"search_term_string\"}}],\"inLanguage\":\"de-DE\"},{\"@type\":\"Organization\",\"@id\":\"https:\\\/\\\/www.globalfilter.com\\\/de\\\/#organization\",\"name\":\"Global filter\",\"url\":\"https:\\\/\\\/www.globalfilter.com\\\/de\\\/\",\"logo\":{\"@type\":\"ImageObject\",\"inLanguage\":\"de-DE\",\"@id\":\"https:\\\/\\\/www.globalfilter.com\\\/de\\\/#\\\/schema\\\/logo\\\/image\\\/\",\"url\":\"https:\\\/\\\/www.globalfilter.com\\\/wp-content\\\/uploads\\\/2019\\\/06\\\/FGC-logo-1.png\",\"contentUrl\":\"https:\\\/\\\/www.globalfilter.com\\\/wp-content\\\/uploads\\\/2019\\\/06\\\/FGC-logo-1.png\",\"width\":1104,\"height\":224,\"caption\":\"Global filter\"},\"image\":{\"@id\":\"https:\\\/\\\/www.globalfilter.com\\\/de\\\/#\\\/schema\\\/logo\\\/image\\\/\"},\"sameAs\":[\"https:\\\/\\\/www.linkedin.com\\\/company\\\/global-filter-llc\"]}]}<\/script>\n<!-- \/ Yoast SEO plugin. -->","yoast_head_json":{"title":"Die Filtration Group ernennt Tim McCarty zum President und Chief Executive Officer - Global Filter","description":"Die Filtration Group gab heute bekannt, dass Tim McCarty ab Januar 2019 die Rolle des Pr\u00e4sidenten und Chief Executive Officers \u00fcbernehmen wird. McCarty kam 2012 als CFO zur Filtration Group und war ma\u00dfgeblich daran beteiligt, dass das Unternehmen einen Umsatz von mehr als 1,5 Milliarden US-Dollar erzielte.","robots":{"index":"index","follow":"follow","max-snippet":"max-snippet:-1","max-image-preview":"max-image-preview:large","max-video-preview":"max-video-preview:-1"},"canonical":"https:\/\/www.globalfilter.com\/de\/news\/die-filtration-group-ernennt-tim-mccarty-zum-president-und-chief-executive-officer\/","og_locale":"de_DE","og_type":"article","og_title":"Die Filtration Group ernennt Tim McCarty zum President und Chief Executive Officer - Global Filter","og_description":"Die Filtration Group gab heute bekannt, dass Tim McCarty ab Januar 2019 die Rolle des Pr\u00e4sidenten und Chief Executive Officers \u00fcbernehmen wird. McCarty kam 2012 als CFO zur Filtration Group und war ma\u00dfgeblich daran beteiligt, dass das Unternehmen einen Umsatz von mehr als 1,5 Milliarden US-Dollar erzielte.","og_url":"https:\/\/www.globalfilter.com\/de\/news\/die-filtration-group-ernennt-tim-mccarty-zum-president-und-chief-executive-officer\/","og_site_name":"Global Filter","article_modified_time":"2021-11-29T15:43:57+00:00","og_image":[{"width":682,"height":512,"url":"https:\/\/www.globalfilter.com\/wp-content\/uploads\/2019\/01\/FGC_mark-4x3.png","type":"image\/png"}],"twitter_card":"summary_large_image","twitter_misc":{"Gesch\u00e4tzte Lesezeit":"2 Minuten"},"schema":{"@context":"https:\/\/schema.org","@graph":[{"@type":"WebPage","@id":"https:\/\/www.globalfilter.com\/de\/news\/die-filtration-group-ernennt-tim-mccarty-zum-president-und-chief-executive-officer\/","url":"https:\/\/www.globalfilter.com\/de\/news\/die-filtration-group-ernennt-tim-mccarty-zum-president-und-chief-executive-officer\/","name":"Die Filtration Group ernennt Tim McCarty zum President und Chief Executive Officer - Global Filter","isPartOf":{"@id":"https:\/\/www.globalfilter.com\/de\/#website"},"primaryImageOfPage":{"@id":"https:\/\/www.globalfilter.com\/de\/news\/die-filtration-group-ernennt-tim-mccarty-zum-president-und-chief-executive-officer\/#primaryimage"},"image":{"@id":"https:\/\/www.globalfilter.com\/de\/news\/die-filtration-group-ernennt-tim-mccarty-zum-president-und-chief-executive-officer\/#primaryimage"},"thumbnailUrl":"https:\/\/www.globalfilter.com\/wp-content\/uploads\/2019\/01\/FGC_mark-4x3.png","datePublished":"2020-02-03T17:03:15+00:00","dateModified":"2021-11-29T15:43:57+00:00","description":"Die Filtration Group gab heute bekannt, dass Tim McCarty ab Januar 2019 die Rolle des Pr\u00e4sidenten und Chief Executive Officers \u00fcbernehmen wird. McCarty kam 2012 als CFO zur Filtration Group und war ma\u00dfgeblich daran beteiligt, dass das Unternehmen einen Umsatz von mehr als 1,5 Milliarden US-Dollar erzielte.","breadcrumb":{"@id":"https:\/\/www.globalfilter.com\/de\/news\/die-filtration-group-ernennt-tim-mccarty-zum-president-und-chief-executive-officer\/#breadcrumb"},"inLanguage":"de-DE","potentialAction":[{"@type":"ReadAction","target":["https:\/\/www.globalfilter.com\/de\/news\/die-filtration-group-ernennt-tim-mccarty-zum-president-und-chief-executive-officer\/"]}]},{"@type":"ImageObject","inLanguage":"de-DE","@id":"https:\/\/www.globalfilter.com\/de\/news\/die-filtration-group-ernennt-tim-mccarty-zum-president-und-chief-executive-officer\/#primaryimage","url":"https:\/\/www.globalfilter.com\/wp-content\/uploads\/2019\/01\/FGC_mark-4x3.png","contentUrl":"https:\/\/www.globalfilter.com\/wp-content\/uploads\/2019\/01\/FGC_mark-4x3.png","width":682,"height":512},{"@type":"BreadcrumbList","@id":"https:\/\/www.globalfilter.com\/de\/news\/die-filtration-group-ernennt-tim-mccarty-zum-president-und-chief-executive-officer\/#breadcrumb","itemListElement":[{"@type":"ListItem","position":1,"name":"home","item":"https:\/\/www.globalfilter.com\/de\/"},{"@type":"ListItem","position":2,"name":"News","item":"https:\/\/www.globalfilter.com\/de\/news\/"},{"@type":"ListItem","position":3,"name":"Die Filtration Group ernennt Tim McCarty zum President und Chief Executive Officer"}]},{"@type":"WebSite","@id":"https:\/\/www.globalfilter.com\/de\/#website","url":"https:\/\/www.globalfilter.com\/de\/","name":"Global Filter","description":"Making the World Safer, Healthier and More Productive","publisher":{"@id":"https:\/\/www.globalfilter.com\/de\/#organization"},"potentialAction":[{"@type":"SearchAction","target":{"@type":"EntryPoint","urlTemplate":"https:\/\/www.globalfilter.com\/de\/?s={search_term_string}"},"query-input":{"@type":"PropertyValueSpecification","valueRequired":true,"valueName":"search_term_string"}}],"inLanguage":"de-DE"},{"@type":"Organization","@id":"https:\/\/www.globalfilter.com\/de\/#organization","name":"Global filter","url":"https:\/\/www.globalfilter.com\/de\/","logo":{"@type":"ImageObject","inLanguage":"de-DE","@id":"https:\/\/www.globalfilter.com\/de\/#\/schema\/logo\/image\/","url":"https:\/\/www.globalfilter.com\/wp-content\/uploads\/2019\/06\/FGC-logo-1.png","contentUrl":"https:\/\/www.globalfilter.com\/wp-content\/uploads\/2019\/06\/FGC-logo-1.png","width":1104,"height":224,"caption":"Global filter"},"image":{"@id":"https:\/\/www.globalfilter.com\/de\/#\/schema\/logo\/image\/"},"sameAs":["https:\/\/www.linkedin.com\/company\/global-filter-llc"]}]}},"_links":{"self":[{"href":"https:\/\/www.globalfilter.com\/de\/wp-json\/wp\/v2\/news\/1436","targetHints":{"allow":["GET"]}}],"collection":[{"href":"https:\/\/www.globalfilter.com\/de\/wp-json\/wp\/v2\/news"}],"about":[{"href":"https:\/\/www.globalfilter.com\/de\/wp-json\/wp\/v2\/types\/news"}],"author":[{"embeddable":true,"href":"https:\/\/www.globalfilter.com\/de\/wp-json\/wp\/v2\/users\/4"}],"version-history":[{"count":0,"href":"https:\/\/www.globalfilter.com\/de\/wp-json\/wp\/v2\/news\/1436\/revisions"}],"wp:featuredmedia":[{"embeddable":true,"href":"https:\/\/www.globalfilter.com\/de\/wp-json\/wp\/v2\/media\/823"}],"wp:attachment":[{"href":"https:\/\/www.globalfilter.com\/de\/wp-json\/wp\/v2\/media?parent=1436"}],"wp:term":[{"taxonomy":"category","embeddable":true,"href":"https:\/\/www.globalfilter.com\/de\/wp-json\/wp\/v2\/categories?post=1436"},{"taxonomy":"post_tag","embeddable":true,"href":"https:\/\/www.globalfilter.com\/de\/wp-json\/wp\/v2\/tags?post=1436"}],"curies":[{"name":"wp","href":"https:\/\/api.w.org\/{rel}","templated":true}]}}