{"id":1365,"date":"2020-01-31T17:57:14","date_gmt":"2020-01-31T17:57:14","guid":{"rendered":"https:\/\/www.globalfilter.com\/news\/filtration-group-nomme-tim-mccarty-president-et-directeur-general\/"},"modified":"2021-11-29T15:58:13","modified_gmt":"2021-11-29T15:58:13","slug":"filtration-group-nomme-tim-mccarty-president-et-directeur-general","status":"publish","type":"news","link":"https:\/\/www.globalfilter.com\/fr\/news\/filtration-group-nomme-tim-mccarty-president-et-directeur-general\/","title":{"rendered":"Filtration Group nomme Tim McCarty pr\u00e9sident et directeur g\u00e9n\u00e9ral"},"content":{"rendered":"\n<p><strong>CHICAGO, ILLINOIS &#8211; 7 JANVIER 2019<\/strong> &#8211; Filtration Group a annonc\u00e9 aujourd\u2019hui que Tim McCarty occuperait le r\u00f4le de pr\u00e9sident et de directeur g\u00e9n\u00e9ral \u00e0 compter de janvier 2019. McCarty a rejoint Filtration Group en 2012 en tant que directeur financier et a jou\u00e9 un r\u00f4le essentiel dans la croissance de l\u2019entreprise lui permettant d\u2019atteindre plus de 1,5 milliard&nbsp;de dollars &nbsp;de revenus. Il a jou\u00e9 un r\u00f4le d\u00e9terminant dans l\u2019\u00e9laboration de la mission de Filtration Group visant \u00e0 rendre le monde plus s\u00fbr, plus sain et plus productif.<\/p>\n\n\n\n<p>George Nolen, PDG de Filtration Group depuis 2016, a d\u00e9clar\u00e9&nbsp;: \u00ab&nbsp;Tim a une longue exp\u00e9rience d\u2019excellence dans des postes de direction. Il s\u2019entoure de collaborateurs exceptionnels, reste concentr\u00e9 sur le service \u00e0 nos clients et conna\u00eet la valeur de notre culture unique. Il est la personne id\u00e9ale pour diriger l\u2019entreprise et r\u00e9aliser notre vision.&nbsp;\u00bb Nolen restera avec Filtration Group en tant que pr\u00e9sident du conseil d\u2019administration.<\/p>\n\n\n\n<p>\u00ab&nbsp;Je ne peux pas imaginer une p\u00e9riode plus stimulante pour devenir PDG de Filtration Group&nbsp;\u00bb, a d\u00e9clar\u00e9 McCarty. \u00ab&nbsp;Nous sommes une \u00e9quipe d\u2019entrepreneurs inspir\u00e9s par l\u2019occasion unique de cr\u00e9er quelque chose de remarquable et de rendre le monde meilleur. C\u2019est un privil\u00e8ge de le faire aux c\u00f4t\u00e9s de mes plus de 7&nbsp;000 coll\u00e8gues \u00e0 travers le monde.&nbsp;\u00bb<\/p>\n\n\n\n<p>McCarty est devenu pr\u00e9sident de la division Qualit\u00e9 de l\u2019air int\u00e9rieur (QAI) de Filtration Group au d\u00e9but de 2017. En tant que pr\u00e9sident de la division QAI, il a d\u00e9velopp\u00e9 et mis en \u0153uvre une strat\u00e9gie ax\u00e9e sur le client, rationnalis\u00e9 les op\u00e9rations et cr\u00e9\u00e9 une culture ax\u00e9e sur les objectifs, ce qui a entra\u00een\u00e9 une augmentation importante des revenus de la division. Rob Carpio, pr\u00e9sident de l\u2019unit\u00e9 commerciale Purafil de Filtration Group, deviendra pr\u00e9sident de la division QAI dirig\u00e9e auparavant par McCarty.<\/p>\n\n\n\n<p>Avant de rejoindre Filtration Group en 2012, McCarty a travaill\u00e9 pendant 23 ans chez Deloitte &amp; Touche LLP, dont 15 ans en tant que partenaire. Plus r\u00e9cemment, il a \u00e9t\u00e9 associ\u00e9 directeur pour la r\u00e9gion centrale, o\u00f9 il \u00e9tait responsable de la gestion d\u2019une \u00e9quipe de pr\u00e8s de 2&nbsp;000 professionnels dans 20 villes diff\u00e9rentes. McCarty est dipl\u00f4m\u00e9 de l\u2019Universit\u00e9 de l\u2019Illinois.&nbsp;<\/p>\n\n\n\n<p><strong>\u00c0 propos de Filtration Group<\/strong><\/p>\n\n\n\n<p>Filtration Group, une filiale de Madison Industries, rend le monde plus s\u00fbr, plus sain et plus productif en cr\u00e9ant des solutions innovantes qui apportent aux clients une valeur exceptionnelle.&nbsp; Avec une \u00e9quipe passionn\u00e9e, une pr\u00e9sence mondiale et une technologie de pointe, Filtration Group stimule l\u2019innovation et d\u00e9veloppe des solutions de filtration in\u00e9gal\u00e9es.&nbsp; Filtration Group sert une client\u00e8le extr\u00eamement vari\u00e9e&nbsp;dans des domaines &nbsp;allant des sciences, aux technologies industrielles, aux fluides et aux applications de qualit\u00e9 de l\u2019air int\u00e9rieur.&nbsp; Consid\u00e9r\u00e9e comme l\u2019une des soci\u00e9t\u00e9s \u00e0 la croissance la plus rapide, Filtration Group sert ses clients depuis 114&nbsp;sites dans plus de 30&nbsp;pays.&nbsp; Venez visiter Filtration Group et Madison Industries sur&nbsp;: <a href=\"https:\/\/www.filtrationgroup.com\/en-US\/\">www.filtrationgroup.com<\/a> et <a href=\"http:\/\/www.madison.net\/\">www.madison.net<\/a>.<\/p>\n\n\n\n<p>Pour plus d\u2019informations&nbsp;:<\/p>\n\n\n\n<p><a href=\"mailto:media@filtrationgroup.com\">media@filtrationgroup.com<\/a><\/p>\n","protected":false},"excerpt":{"rendered":"<p>CHICAGO, ILLINOIS &#8211; 7 JANVIER 2019 &#8211; Filtration Group a annonc\u00e9 aujourd\u2019hui que Tim McCarty occuperait le r\u00f4le de pr\u00e9sident et de directeur g\u00e9n\u00e9ral \u00e0 compter de janvier 2019. McCarty a rejoint Filtration Group en 2012 en tant que directeur financier et a jou\u00e9 un r\u00f4le essentiel dans la croissance de l\u2019entreprise lui permettant d\u2019atteindre [&hellip;]<\/p>\n","protected":false},"author":4,"featured_media":1369,"menu_order":0,"template":"","categories":[63],"tags":[],"class_list":["post-1365","news","type-news","status-publish","has-post-thumbnail","hentry","category-communique-de-presse"],"acf":[],"yoast_head":"<!-- This site is optimized with the Yoast SEO plugin v27.3 - https:\/\/yoast.com\/product\/yoast-seo-wordpress\/ -->\n<title>Filtration Group nomme Tim McCarty pr\u00e9sident et directeur g\u00e9n\u00e9ral - Global Filter<\/title>\n<meta name=\"description\" content=\"Filtration Group a annonc\u00e9 aujourd\u2019hui que Tim McCarty occuperait le r\u00f4le de pr\u00e9sident et de directeur g\u00e9n\u00e9ral \u00e0 compter de janvier 2019.\" \/>\n<meta name=\"robots\" content=\"index, follow, max-snippet:-1, max-image-preview:large, max-video-preview:-1\" \/>\n<link rel=\"canonical\" href=\"https:\/\/www.globalfilter.com\/fr\/news\/filtration-group-nomme-tim-mccarty-president-et-directeur-general\/\" \/>\n<meta property=\"og:locale\" content=\"fr_FR\" \/>\n<meta property=\"og:type\" content=\"article\" \/>\n<meta property=\"og:title\" content=\"Filtration Group nomme Tim McCarty pr\u00e9sident et directeur g\u00e9n\u00e9ral - Global Filter\" \/>\n<meta property=\"og:description\" content=\"Filtration Group a annonc\u00e9 aujourd\u2019hui que Tim McCarty occuperait le r\u00f4le de pr\u00e9sident et de directeur g\u00e9n\u00e9ral \u00e0 compter de janvier 2019.\" \/>\n<meta property=\"og:url\" content=\"https:\/\/www.globalfilter.com\/fr\/news\/filtration-group-nomme-tim-mccarty-president-et-directeur-general\/\" \/>\n<meta property=\"og:site_name\" content=\"Global Filter\" \/>\n<meta property=\"article:modified_time\" content=\"2021-11-29T15:58:13+00:00\" \/>\n<meta property=\"og:image\" content=\"https:\/\/www.globalfilter.com\/wp-content\/uploads\/2019\/01\/FGC_mark-4x3.png\" \/>\n\t<meta property=\"og:image:width\" content=\"682\" \/>\n\t<meta property=\"og:image:height\" content=\"512\" \/>\n\t<meta property=\"og:image:type\" content=\"image\/png\" \/>\n<meta name=\"twitter:card\" content=\"summary_large_image\" \/>\n<meta name=\"twitter:label1\" content=\"Dur\u00e9e de lecture estim\u00e9e\" \/>\n\t<meta name=\"twitter:data1\" content=\"3 minutes\" \/>\n<script type=\"application\/ld+json\" class=\"yoast-schema-graph\">{\"@context\":\"https:\\\/\\\/schema.org\",\"@graph\":[{\"@type\":\"WebPage\",\"@id\":\"https:\\\/\\\/www.globalfilter.com\\\/fr\\\/news\\\/filtration-group-nomme-tim-mccarty-president-et-directeur-general\\\/\",\"url\":\"https:\\\/\\\/www.globalfilter.com\\\/fr\\\/news\\\/filtration-group-nomme-tim-mccarty-president-et-directeur-general\\\/\",\"name\":\"Filtration Group nomme Tim McCarty pr\u00e9sident et directeur g\u00e9n\u00e9ral - Global Filter\",\"isPartOf\":{\"@id\":\"https:\\\/\\\/www.globalfilter.com\\\/fr\\\/#website\"},\"primaryImageOfPage\":{\"@id\":\"https:\\\/\\\/www.globalfilter.com\\\/fr\\\/news\\\/filtration-group-nomme-tim-mccarty-president-et-directeur-general\\\/#primaryimage\"},\"image\":{\"@id\":\"https:\\\/\\\/www.globalfilter.com\\\/fr\\\/news\\\/filtration-group-nomme-tim-mccarty-president-et-directeur-general\\\/#primaryimage\"},\"thumbnailUrl\":\"https:\\\/\\\/www.globalfilter.com\\\/wp-content\\\/uploads\\\/2019\\\/01\\\/FGC_mark-4x3.png\",\"datePublished\":\"2020-01-31T17:57:14+00:00\",\"dateModified\":\"2021-11-29T15:58:13+00:00\",\"description\":\"Filtration Group a annonc\u00e9 aujourd\u2019hui que Tim McCarty occuperait le r\u00f4le de pr\u00e9sident et de directeur g\u00e9n\u00e9ral \u00e0 compter de janvier 2019.\",\"breadcrumb\":{\"@id\":\"https:\\\/\\\/www.globalfilter.com\\\/fr\\\/news\\\/filtration-group-nomme-tim-mccarty-president-et-directeur-general\\\/#breadcrumb\"},\"inLanguage\":\"fr-FR\",\"potentialAction\":[{\"@type\":\"ReadAction\",\"target\":[\"https:\\\/\\\/www.globalfilter.com\\\/fr\\\/news\\\/filtration-group-nomme-tim-mccarty-president-et-directeur-general\\\/\"]}]},{\"@type\":\"ImageObject\",\"inLanguage\":\"fr-FR\",\"@id\":\"https:\\\/\\\/www.globalfilter.com\\\/fr\\\/news\\\/filtration-group-nomme-tim-mccarty-president-et-directeur-general\\\/#primaryimage\",\"url\":\"https:\\\/\\\/www.globalfilter.com\\\/wp-content\\\/uploads\\\/2019\\\/01\\\/FGC_mark-4x3.png\",\"contentUrl\":\"https:\\\/\\\/www.globalfilter.com\\\/wp-content\\\/uploads\\\/2019\\\/01\\\/FGC_mark-4x3.png\",\"width\":682,\"height\":512},{\"@type\":\"BreadcrumbList\",\"@id\":\"https:\\\/\\\/www.globalfilter.com\\\/fr\\\/news\\\/filtration-group-nomme-tim-mccarty-president-et-directeur-general\\\/#breadcrumb\",\"itemListElement\":[{\"@type\":\"ListItem\",\"position\":1,\"name\":\"home\",\"item\":\"https:\\\/\\\/www.globalfilter.com\\\/fr\\\/\"},{\"@type\":\"ListItem\",\"position\":2,\"name\":\"News\",\"item\":\"https:\\\/\\\/www.globalfilter.com\\\/fr\\\/news\\\/\"},{\"@type\":\"ListItem\",\"position\":3,\"name\":\"Filtration Group nomme Tim McCarty pr\u00e9sident et directeur g\u00e9n\u00e9ral\"}]},{\"@type\":\"WebSite\",\"@id\":\"https:\\\/\\\/www.globalfilter.com\\\/fr\\\/#website\",\"url\":\"https:\\\/\\\/www.globalfilter.com\\\/fr\\\/\",\"name\":\"Global Filter\",\"description\":\"Making the World Safer, Healthier and More Productive\",\"publisher\":{\"@id\":\"https:\\\/\\\/www.globalfilter.com\\\/fr\\\/#organization\"},\"potentialAction\":[{\"@type\":\"SearchAction\",\"target\":{\"@type\":\"EntryPoint\",\"urlTemplate\":\"https:\\\/\\\/www.globalfilter.com\\\/fr\\\/?s={search_term_string}\"},\"query-input\":{\"@type\":\"PropertyValueSpecification\",\"valueRequired\":true,\"valueName\":\"search_term_string\"}}],\"inLanguage\":\"fr-FR\"},{\"@type\":\"Organization\",\"@id\":\"https:\\\/\\\/www.globalfilter.com\\\/fr\\\/#organization\",\"name\":\"Global filter\",\"url\":\"https:\\\/\\\/www.globalfilter.com\\\/fr\\\/\",\"logo\":{\"@type\":\"ImageObject\",\"inLanguage\":\"fr-FR\",\"@id\":\"https:\\\/\\\/www.globalfilter.com\\\/fr\\\/#\\\/schema\\\/logo\\\/image\\\/\",\"url\":\"https:\\\/\\\/www.globalfilter.com\\\/wp-content\\\/uploads\\\/2019\\\/06\\\/FGC-logo-1.png\",\"contentUrl\":\"https:\\\/\\\/www.globalfilter.com\\\/wp-content\\\/uploads\\\/2019\\\/06\\\/FGC-logo-1.png\",\"width\":1104,\"height\":224,\"caption\":\"Global filter\"},\"image\":{\"@id\":\"https:\\\/\\\/www.globalfilter.com\\\/fr\\\/#\\\/schema\\\/logo\\\/image\\\/\"},\"sameAs\":[\"https:\\\/\\\/www.linkedin.com\\\/company\\\/global-filter-llc\"]}]}<\/script>\n<!-- \/ Yoast SEO plugin. -->","yoast_head_json":{"title":"Filtration Group nomme Tim McCarty pr\u00e9sident et directeur g\u00e9n\u00e9ral - Global Filter","description":"Filtration Group a annonc\u00e9 aujourd\u2019hui que Tim McCarty occuperait le r\u00f4le de pr\u00e9sident et de directeur g\u00e9n\u00e9ral \u00e0 compter de janvier 2019.","robots":{"index":"index","follow":"follow","max-snippet":"max-snippet:-1","max-image-preview":"max-image-preview:large","max-video-preview":"max-video-preview:-1"},"canonical":"https:\/\/www.globalfilter.com\/fr\/news\/filtration-group-nomme-tim-mccarty-president-et-directeur-general\/","og_locale":"fr_FR","og_type":"article","og_title":"Filtration Group nomme Tim McCarty pr\u00e9sident et directeur g\u00e9n\u00e9ral - Global Filter","og_description":"Filtration Group a annonc\u00e9 aujourd\u2019hui que Tim McCarty occuperait le r\u00f4le de pr\u00e9sident et de directeur g\u00e9n\u00e9ral \u00e0 compter de janvier 2019.","og_url":"https:\/\/www.globalfilter.com\/fr\/news\/filtration-group-nomme-tim-mccarty-president-et-directeur-general\/","og_site_name":"Global Filter","article_modified_time":"2021-11-29T15:58:13+00:00","og_image":[{"width":682,"height":512,"url":"https:\/\/www.globalfilter.com\/wp-content\/uploads\/2019\/01\/FGC_mark-4x3.png","type":"image\/png"}],"twitter_card":"summary_large_image","twitter_misc":{"Dur\u00e9e de lecture estim\u00e9e":"3 minutes"},"schema":{"@context":"https:\/\/schema.org","@graph":[{"@type":"WebPage","@id":"https:\/\/www.globalfilter.com\/fr\/news\/filtration-group-nomme-tim-mccarty-president-et-directeur-general\/","url":"https:\/\/www.globalfilter.com\/fr\/news\/filtration-group-nomme-tim-mccarty-president-et-directeur-general\/","name":"Filtration Group nomme Tim McCarty pr\u00e9sident et directeur g\u00e9n\u00e9ral - Global Filter","isPartOf":{"@id":"https:\/\/www.globalfilter.com\/fr\/#website"},"primaryImageOfPage":{"@id":"https:\/\/www.globalfilter.com\/fr\/news\/filtration-group-nomme-tim-mccarty-president-et-directeur-general\/#primaryimage"},"image":{"@id":"https:\/\/www.globalfilter.com\/fr\/news\/filtration-group-nomme-tim-mccarty-president-et-directeur-general\/#primaryimage"},"thumbnailUrl":"https:\/\/www.globalfilter.com\/wp-content\/uploads\/2019\/01\/FGC_mark-4x3.png","datePublished":"2020-01-31T17:57:14+00:00","dateModified":"2021-11-29T15:58:13+00:00","description":"Filtration Group a annonc\u00e9 aujourd\u2019hui que Tim McCarty occuperait le r\u00f4le de pr\u00e9sident et de directeur g\u00e9n\u00e9ral \u00e0 compter de janvier 2019.","breadcrumb":{"@id":"https:\/\/www.globalfilter.com\/fr\/news\/filtration-group-nomme-tim-mccarty-president-et-directeur-general\/#breadcrumb"},"inLanguage":"fr-FR","potentialAction":[{"@type":"ReadAction","target":["https:\/\/www.globalfilter.com\/fr\/news\/filtration-group-nomme-tim-mccarty-president-et-directeur-general\/"]}]},{"@type":"ImageObject","inLanguage":"fr-FR","@id":"https:\/\/www.globalfilter.com\/fr\/news\/filtration-group-nomme-tim-mccarty-president-et-directeur-general\/#primaryimage","url":"https:\/\/www.globalfilter.com\/wp-content\/uploads\/2019\/01\/FGC_mark-4x3.png","contentUrl":"https:\/\/www.globalfilter.com\/wp-content\/uploads\/2019\/01\/FGC_mark-4x3.png","width":682,"height":512},{"@type":"BreadcrumbList","@id":"https:\/\/www.globalfilter.com\/fr\/news\/filtration-group-nomme-tim-mccarty-president-et-directeur-general\/#breadcrumb","itemListElement":[{"@type":"ListItem","position":1,"name":"home","item":"https:\/\/www.globalfilter.com\/fr\/"},{"@type":"ListItem","position":2,"name":"News","item":"https:\/\/www.globalfilter.com\/fr\/news\/"},{"@type":"ListItem","position":3,"name":"Filtration Group nomme Tim McCarty pr\u00e9sident et directeur g\u00e9n\u00e9ral"}]},{"@type":"WebSite","@id":"https:\/\/www.globalfilter.com\/fr\/#website","url":"https:\/\/www.globalfilter.com\/fr\/","name":"Global Filter","description":"Making the World Safer, Healthier and More Productive","publisher":{"@id":"https:\/\/www.globalfilter.com\/fr\/#organization"},"potentialAction":[{"@type":"SearchAction","target":{"@type":"EntryPoint","urlTemplate":"https:\/\/www.globalfilter.com\/fr\/?s={search_term_string}"},"query-input":{"@type":"PropertyValueSpecification","valueRequired":true,"valueName":"search_term_string"}}],"inLanguage":"fr-FR"},{"@type":"Organization","@id":"https:\/\/www.globalfilter.com\/fr\/#organization","name":"Global filter","url":"https:\/\/www.globalfilter.com\/fr\/","logo":{"@type":"ImageObject","inLanguage":"fr-FR","@id":"https:\/\/www.globalfilter.com\/fr\/#\/schema\/logo\/image\/","url":"https:\/\/www.globalfilter.com\/wp-content\/uploads\/2019\/06\/FGC-logo-1.png","contentUrl":"https:\/\/www.globalfilter.com\/wp-content\/uploads\/2019\/06\/FGC-logo-1.png","width":1104,"height":224,"caption":"Global filter"},"image":{"@id":"https:\/\/www.globalfilter.com\/fr\/#\/schema\/logo\/image\/"},"sameAs":["https:\/\/www.linkedin.com\/company\/global-filter-llc"]}]}},"_links":{"self":[{"href":"https:\/\/www.globalfilter.com\/fr\/wp-json\/wp\/v2\/news\/1365","targetHints":{"allow":["GET"]}}],"collection":[{"href":"https:\/\/www.globalfilter.com\/fr\/wp-json\/wp\/v2\/news"}],"about":[{"href":"https:\/\/www.globalfilter.com\/fr\/wp-json\/wp\/v2\/types\/news"}],"author":[{"embeddable":true,"href":"https:\/\/www.globalfilter.com\/fr\/wp-json\/wp\/v2\/users\/4"}],"version-history":[{"count":0,"href":"https:\/\/www.globalfilter.com\/fr\/wp-json\/wp\/v2\/news\/1365\/revisions"}],"wp:featuredmedia":[{"embeddable":true,"href":"https:\/\/www.globalfilter.com\/fr\/wp-json\/wp\/v2\/media\/1369"}],"wp:attachment":[{"href":"https:\/\/www.globalfilter.com\/fr\/wp-json\/wp\/v2\/media?parent=1365"}],"wp:term":[{"taxonomy":"category","embeddable":true,"href":"https:\/\/www.globalfilter.com\/fr\/wp-json\/wp\/v2\/categories?post=1365"},{"taxonomy":"post_tag","embeddable":true,"href":"https:\/\/www.globalfilter.com\/fr\/wp-json\/wp\/v2\/tags?post=1365"}],"curies":[{"name":"wp","href":"https:\/\/api.w.org\/{rel}","templated":true}]}}